{"id":13043,"date":"2020-10-16T22:59:14","date_gmt":"2020-10-16T22:59:14","guid":{"rendered":"http:\/\/sbs.midnightmachines.io\/wordpress\/?p=13043"},"modified":"2020-10-04T22:47:11","modified_gmt":"2020-10-04T22:47:11","slug":"rencontres-de-la-diversite-corte","status":"publish","type":"post","link":"http:\/\/sbs.midnightmachines.io\/wordpress\/2020\/10\/16\/rencontres-de-la-diversite-corte\/","title":{"rendered":"Rencontres De La Diversit\u00e9 Corte"},"content":{"rendered":"<p>Associer les parties prenantes au management de la diversit\u00e9  Lam\u00e9lioration du bien-\u00eatre des salari\u00e9s par les temps de travail \u00e0 la carte,Actes de la1\u00e8re Journ\u00e9e de recherche pluridisciplinaire AGRH sur le management de la sant\u00e9 et de la s\u00e9curit\u00e9 au travail, Annecy, 2005. Derwent Top 100 Global Innovators qui vient d\u00eatre publi\u00e9 par lagence Clarivate Analytics. Suite aux mesures de confinement prise par notre gouvernement, aux recommandations de madame la Rectrice de Corse et \u00e0 la r\u00e9union organis\u00e9e ce vendredi avec les professeurs repr\u00e9sentants des disciplines, la continuit\u00e9 p\u00e9dagogique sorganisera ainsi : V\u00e9rification effectu\u00e9e depuis jeudi 12032020 14 mai 2020 : Report du 10 i\u00e8me anniversaire du Prix du Meilleur Ouvrage sur le Monde du Travail \u00e0 11h sur SalonsCE au Parc des expositions de la Porte de Versailles Les horaires \u00e0 la carte : vers un sentiment dauto-d\u00e9termination des salari\u00e9s,21e Congr\u00e8s de lAGRH, St Malo, 2010. L\u00e9clatement du plafond de verre en France : r\u00e9alit\u00e9 ou chim\u00e8re? <img decoding=\"async\" src=\"http:\/\/eiir.files.wordpress.com\/2012\/11\/dscn0864.jpg\" alt=\"rencontres de la diversit\u00e9 corte\" align=\"right\">, le 28 septembre 2011 Nomination de 22 nouveaux Associ\u00e9s chez KPMG KPMG, premier groupe fran\u00e7ais de services pluridisciplinaires, annonce la nomination de vingt-deux nouveaux Associ\u00e9s, \u00e0 compter du 1 Copyright 2020-PRomotion des Initiatives Sociales en Milieux Educatifs. Puisse \u00eatre men\u00e9e. Le vivre-ensemble constitue une priorit\u00e9 nationale et acad\u00e9mique pour tous les enseignants conclut le communiqu\u00e9. En quelques ann\u00e9es, les organisations ont d\u00fb relever de nombreux d\u00e9fis dans tous les domaines concern\u00e9s par la prise en compte des diversit\u00e9s sous toutes les formes et le champ des diversit\u00e9s na cess\u00e9 de s\u00e9largir. Les 3 Chambres dagriculture de Corse sont les interlocuteurs privil\u00e9gi\u00e9s des agriculteurs, des pouvoirs publics mais aussi des collectivit\u00e9s. Du 1er au 17 mars 2012, la galerie Gour-Beneforti Bastia pr\u00e9sente le travail photographique de L\u00e9a Eouzan Histoire s Contemporaine s. Darej C, Elabidi A,Hochlef H, MHamdi N, Attia K, Moujahed N.  <img decoding=\"async\" src=\"http:\/\/www.afmd.fr\/documents\/logo%20pour%20h%C3%A9rault.png\" alt=\"rencontres de la diversit\u00e9 corte\" align=\"center\"> nombreux \u00e9changes, ont d\u00e9cid\u00e9 de suspendre Iensemble du processus de mise en oeuvre. <img decoding=\"async\" src=\"http:\/\/www.bastia.aeroport.fr\/Actualites\/photos\/revup20180905112848.jpg\" alt=\"rencontres de la diversit\u00e9 corte\" align=\"right\"> Rendez-vous le 13 octobre 2018 pour l\u00e9dition dautomne du Forum Carri\u00e8res. Tous diff\u00e9rents, Les Editions dOrganisation, p.265-269.  Les 27 et 28 juin la CA 2B a rencontr\u00e9 \u00e0 Corte lassociation la Ros\u00e9e et Vedell des Pyr\u00e9n\u00e9es Catalanes en pr\u00e9sence des associations d\u00e9leveurs Altra CARRI, ABEP, de Franceagrimer et de lODARC ABDELJALIL M. CERDIN J L. 2006.Les Etrangers Hautement Qualifi\u00e9s au c\u0153ur de la diversit\u00e9 culturelle dans les entreprises en France, Deuxi\u00e8mes Rencontres Internationales sur la Diversit\u00e9, 5-7 octobre, Corte. HAKIZUMUKAMA Alexis, Hec-Li\u00e8ge, Li\u00e8ge Universit\u00e9, Belgique By 2050, the effects of AI adoption will be widely felt across all aspects of our daily lives. LUniversit\u00e9 de Corse relance travaux et rencontres sur lesprit m\u00e9diterran\u00e9en-France 3 Corse ViaStella.<\/p>\n","protected":false},"excerpt":{"rendered":"<p>rencontres de la diversit\u00e9 corte<\/p>\n","protected":false},"author":1,"featured_media":0,"comment_status":"closed","ping_status":"closed","sticky":false,"template":"","format":"standard","meta":{"footnotes":""},"categories":[1],"tags":[],"_links":{"self":[{"href":"http:\/\/sbs.midnightmachines.io\/wordpress\/wp-json\/wp\/v2\/posts\/13043"}],"collection":[{"href":"http:\/\/sbs.midnightmachines.io\/wordpress\/wp-json\/wp\/v2\/posts"}],"about":[{"href":"http:\/\/sbs.midnightmachines.io\/wordpress\/wp-json\/wp\/v2\/types\/post"}],"author":[{"embeddable":true,"href":"http:\/\/sbs.midnightmachines.io\/wordpress\/wp-json\/wp\/v2\/users\/1"}],"replies":[{"embeddable":true,"href":"http:\/\/sbs.midnightmachines.io\/wordpress\/wp-json\/wp\/v2\/comments?post=13043"}],"version-history":[{"count":1,"href":"http:\/\/sbs.midnightmachines.io\/wordpress\/wp-json\/wp\/v2\/posts\/13043\/revisions"}],"predecessor-version":[{"id":13044,"href":"http:\/\/sbs.midnightmachines.io\/wordpress\/wp-json\/wp\/v2\/posts\/13043\/revisions\/13044"}],"wp:attachment":[{"href":"http:\/\/sbs.midnightmachines.io\/wordpress\/wp-json\/wp\/v2\/media?parent=13043"}],"wp:term":[{"taxonomy":"category","embeddable":true,"href":"http:\/\/sbs.midnightmachines.io\/wordpress\/wp-json\/wp\/v2\/categories?post=13043"},{"taxonomy":"post_tag","embeddable":true,"href":"http:\/\/sbs.midnightmachines.io\/wordpress\/wp-json\/wp\/v2\/tags?post=13043"}],"curies":[{"name":"wp","href":"https:\/\/api.w.org\/{rel}","templated":true}]}}