{"id":1249,"date":"2020-09-21T15:18:06","date_gmt":"2020-09-21T15:18:06","guid":{"rendered":"http:\/\/sbs.midnightmachines.io\/wordpress\/?p=1249"},"modified":"2020-09-19T14:02:33","modified_gmt":"2020-09-19T14:02:33","slug":"nabilla-rencontre-kim","status":"publish","type":"post","link":"http:\/\/sbs.midnightmachines.io\/wordpress\/2020\/09\/21\/nabilla-rencontre-kim\/","title":{"rendered":"Nabilla Rencontre Kim"},"content":{"rendered":"<p>EMMANUELLE BEART-PHOTOCALL DU FILM LE DESERT ET LAMOUR-13EME FESTIVAL DE LA FICTION TV DE L Guillaume GaffiotBestimage ARCHIVES-LE PRESIDENT DE LA REPUBLIQUE FRANCOIS MITTERRAND A LONDRES LORS DE LA SIGNATURE D UN AC AGENCE BESTIMAGE Nabilla va plut\u00f4t conna\u00eetre une descente aux enfers \u00e0 la Loana, figure repoussoir de la t\u00e9l\u00e9r\u00e9alit\u00e9, dont elle se diff\u00e9rencie fermement dans son livre Je ne serai pas Loana. Inexorablement, le personnage \u00e9chappe \u00e0 son auteur et Nabilla ne se reconna\u00eet plus dans limage que lui renvoie son public, qui ladule autant quil la d\u00e9teste. Ma notori\u00e9t\u00e9 sest tout de suite accompagn\u00e9e dune humiliation publique constante, constate-t-elle. Une humiliation parfois consentante, tant Nabilla se pr\u00eate volontiers au jeu du d\u00eener de con sur les plateaux de t\u00e9l\u00e9vision. Chroniqueuse dans l\u00e9mission Touche pas \u00e0 mon poste sur D8, elle se ridiculise en qualifiant Laurent Fabius de ministre du poisson ou en compl\u00e9tant les titres d\u0153uvres litt\u00e9raires par un Les fleurs du Niagara de Charles Beaudelaire. Jour 2 : ma famille se gueule dessus par rapport \u00e0 la bouffe LES ANGES 5 LUNDI 16H15 fred_ooc La com\u00e9dienne Karin Viard incarne une nounou d\u00e9vou\u00e9e, consciencieuse mais avec en elle beaucoup de violence dans Chanson Douce, en salles le 27 novembre 2019. Magicmaman la rencontr\u00e9e pour une interview de mam et de nounou exclusive \u00e0 d\u00e9couvrir en vid\u00e9o. Nabilla, qui est sur le point de sinstaller \u00e0 Londres a \u00e9t\u00e9 interrog\u00e9e par nos conf\u00e8res de Public et sa r\u00e9action a \u00e9t\u00e9 pour le moins surprenante. En effet, la compagne de Thomas Vergara sest exprim\u00e9e en la moquant: Cest triste pour elle, \u00e7a doit \u00eatre chaud de se faire ligoter. Mais je me suis surtout dit quils devaient avoir une super longue corde pour ligoter tout son corps! Le prince Andrew est-il pr\u00eat \u00e0 coop\u00e9rer avec la justice am\u00e9ricaine dans laffaire Epstein? Ses avocats ont affirm\u00e9 lundi quil avait propos\u00e9 au moins trois fois de.. Assa Traor\u00e9 \u00e0 la conf\u00e9rence de presse Justice pour Adama \u00e0 Paris, le 9 juin 2020. Le jeune homme Panoramic Bestimage Nicole atteint un moment cl\u00e9 de sa carri\u00e8re lorsquon lui demande d\u00eatre l\u00e9v\u00e9nement principal de la premi\u00e8re t\u00e9l\u00e9 \u00e0 la carte f\u00e9minine, Evolution.. Dans la nuit du 8 au 9 f\u00e9vrier dernier, le chanteur Amir et son \u00e9pouse Lital ont accueilli leur premier enfant. Les deux tourtereaux ont donn\u00e9 naissance \u00e0 un petit gar\u00e7on qui se pr\u00e9nomme Mikha\u00ebl. Quatre mois apr\u00e8s \u00eatre devenu papa, Amir est de retour sur la sc\u00e8ne musicale, avec un nouveau single intitul\u00e9 La F\u00eate. Ce titre joyeux enregistr\u00e9 avant le confinement, Amir le pr\u00e9sentera pour la premi\u00e8re fois en direct dans l\u00e9mission La Chanson de lann\u00e9e, vendredi 12 juin, sur TF1. Un concours que le chanteur a remport\u00e9 deux fois, en 2017 et 2019.\u00c0 cette occasion, le chanteur a accord\u00e9 un entretien au Parisien, en kiosque vendredi 12 juin. En toute transparence, lartiste \u00e2g\u00e9 de 35 ans sest confi\u00e9 sur ses derniers mois de confinement en famille. Comme il la expliqu\u00e9 dans les colonnes du journal, Amir \u00e9tait confin\u00e9 dans son appartement, avec son \u00e9pouse et leur jeune fils. Cette p\u00e9riode ma permis de comprendre les valeurs du cocon familial, a commenc\u00e9 par expliquer lancien finaliste de la troisi\u00e8me saison de The Voice.Prendre le temps de se poser et se ressourcerPuis, Amir a ajout\u00e9 : \u00c7a fait quatre ans que je donne tout \u00e0 tout le monde. Je ne me plains pas, au contraire, cest une \u00e9norme chance. Mais ce confinement ma permis de marr\u00eater deux secondes et de me demander quelles sont les choses qui comptent vraiment. Apr\u00e8s avoir sorti deux albums en deux ans, une r\u00e9\u00e9dition et une tourn\u00e9e, Amir a pris du temps pour lui. Quand tu prends le temps de te poser, tu te recentres. Et ma fa\u00e7on d\u00e9crire sen est ressentie. Avant, je partais toujours de la m\u00e9lodie et jy ajoutais des mots. Cette fois, ce fut linverse. Je suis parti des histoires que javais envie de raconter et je les ai mises en musique, a-t-il confi\u00e9. \u00c0 lautomne prochain, Amir d\u00e9voilera le reste de son album. Musicalement, je me rapprocherai encore de mes racines musicales, a-t-il conclu. Les fans se languissent d\u00e9j\u00e0. <img decoding=\"async\" src=\"http:\/\/www.mobnami.gq\/les-Eyzies_1.jpg\" alt=\"nabilla rencontre kim\" align=\"right\"> La justice autorise enfin lacc\u00e8s aux archives de Fran\u00e7ois Mitterrand sur le Rwanda Exclusif-Daniel Auteuil et sa fille Nelly-People au concert de Dave \u00e0 Bobino \u00e0 Paris le 18 novem COADIC GUIREC BESTIMAGE <img decoding=\"async\" src=\"http:\/\/italihan.ga\/Phocea\/file.php?class=pere&#038;file=Images\/News\/6785\/20170315-LAMELIS-logo.JPG\" alt=\"nabilla rencontre kim\" align=\"left\"> <img decoding=\"async\" src=\"http:\/\/pre00.deviantart.net\/6209\/th\/pre\/i\/2015\/201\/7\/d\/draw_gift_to_oscar_francois__my_700th_sketch_draw_by_ryuu_samazx-d922bq6.jpg\" alt=\"nabilla rencontre kim\" align=\"right\">  Publi\u00e9 le 14052015 \u00e0 12:05 Mis \u00e0 jour le 14052015 \u00e0 09:47  15h25 ARCHIVE. Celle qui interpr\u00e8te Coralie Blain depuis sept ans dans Plus belle la vie illumine, avec ce r\u00f4le principal, cette com\u00e9die polici\u00e8re rediffus\u00e9e ce soir sur France 3. Nous avions rencontr\u00e9 Sara Mortensen en 2019.. Nabilla, Rihanna, Kim Kardashian, et bien dautres.. Nh\u00e9sitent pas \u00e0 d\u00e9voiler leurs poitrines en mode bombe anatomique. Cest officiel, LA tendance cet \u00e9t\u00e9 sera le side boobs : d\u00e9voiler la naissance ou le c\u00f4t\u00e9 de ses seins. Attention photos sexy! FESTIVAL DE CANNES 2016 MARCHES JUSTE LA FIN DU MONDE JACQUES BOURGUET TELE STAR-MONDADORI FRANCE ARCHIVES-FRANCOIS MITTERRAND LE 50EME ANNIVERSAIRE DE LA FIN DE LA SECONDE GUERRE MONDIA ANGELI-BORDE-CASTEL-RINDOFF BESTIMAGE Souvent interpr\u00e9t\u00e9 par les mamans comme de la nervosit\u00e9, le r\u00e9flexe de Moro fait partie des r\u00e9flexes archa\u00efques du nourrisson. Sil est signe de bonne sant\u00e9 chez le b\u00e9b\u00e9, son absence chez lenfant en-de\u00e7\u00e0 de 5 mois ou sa persistance au-del\u00e0 de 5 mois, peut \u00eatre le signe dun probl\u00e8me. Comment lidentifier? Que faire sil emp\u00eache b\u00e9b\u00e9 de dormir? D\u00e9cryptage avec le Dr Georges Picherot, chef du service p\u00e9diatrie au CHU de Nantes. Les Anges 5 : Nabilla en pleurs devant Kim Kardashian-Programme-TV  Dans la bande annonce des anges 5 a un moment ya Kim kardashian et devinez qui pleure en la voyant? Nabilla, of course! \u05dc\u05d9\u05e0\u05d3\u05d4 Leendaa_ Votre adresse de messagerie est uniquement utilis\u00e9e pour vous envoyer notre newsletter.<\/p>\n","protected":false},"excerpt":{"rendered":"<p>nabilla rencontre kim<\/p>\n","protected":false},"author":1,"featured_media":0,"comment_status":"closed","ping_status":"closed","sticky":false,"template":"","format":"standard","meta":{"footnotes":""},"categories":[1],"tags":[],"_links":{"self":[{"href":"http:\/\/sbs.midnightmachines.io\/wordpress\/wp-json\/wp\/v2\/posts\/1249"}],"collection":[{"href":"http:\/\/sbs.midnightmachines.io\/wordpress\/wp-json\/wp\/v2\/posts"}],"about":[{"href":"http:\/\/sbs.midnightmachines.io\/wordpress\/wp-json\/wp\/v2\/types\/post"}],"author":[{"embeddable":true,"href":"http:\/\/sbs.midnightmachines.io\/wordpress\/wp-json\/wp\/v2\/users\/1"}],"replies":[{"embeddable":true,"href":"http:\/\/sbs.midnightmachines.io\/wordpress\/wp-json\/wp\/v2\/comments?post=1249"}],"version-history":[{"count":1,"href":"http:\/\/sbs.midnightmachines.io\/wordpress\/wp-json\/wp\/v2\/posts\/1249\/revisions"}],"predecessor-version":[{"id":1250,"href":"http:\/\/sbs.midnightmachines.io\/wordpress\/wp-json\/wp\/v2\/posts\/1249\/revisions\/1250"}],"wp:attachment":[{"href":"http:\/\/sbs.midnightmachines.io\/wordpress\/wp-json\/wp\/v2\/media?parent=1249"}],"wp:term":[{"taxonomy":"category","embeddable":true,"href":"http:\/\/sbs.midnightmachines.io\/wordpress\/wp-json\/wp\/v2\/categories?post=1249"},{"taxonomy":"post_tag","embeddable":true,"href":"http:\/\/sbs.midnightmachines.io\/wordpress\/wp-json\/wp\/v2\/tags?post=1249"}],"curies":[{"name":"wp","href":"https:\/\/api.w.org\/{rel}","templated":true}]}}